{"id":59519,"date":"2024-09-10T16:53:06","date_gmt":"2024-09-10T21:53:06","guid":{"rendered":"https:\/\/portal.compraspublicas.gob.ec\/sercop\/?p=59519"},"modified":"2024-09-11T16:59:04","modified_gmt":"2024-09-11T21:59:04","slug":"yo-soy-sercop-un-viaje-por-la-compra-publica","status":"publish","type":"post","link":"https:\/\/portal.compraspublicas.gob.ec\/sercop\/yo-soy-sercop-un-viaje-por-la-compra-publica\/","title":{"rendered":"Yo soy SERCOP, un viaje por la compra p\u00fablica"},"content":{"rendered":"\n<p>Con la activa participaci\u00f3n de todos los servidores de la matriz del SERCOP en Quito, el pasado 29 de agosto de 2024, se llev\u00f3 a cabo la casa abierta <em>\u201cUn viaje por la compra p\u00fablica\u201d<\/em>. El objetivo de este evento fue fortalecer el sentido de pertenencia con la instituci\u00f3n y generar un ambiente de confianza y compromiso con todos los colaboradores del SERCOP.<\/p>\n<p>Este proyecto, liderado por la Coordinaci\u00f3n General de Planificaci\u00f3n y Gesti\u00f3n Estrat\u00e9gica, y la Direcci\u00f3n de Comunicaci\u00f3n Social, forma parte del Plan de Mejora del Clima Laboral, que busca afianzar los valores institucionales. En esta ocasi\u00f3n, se invit\u00f3 a los familiares de los servidores de la instituci\u00f3n.<\/p>\n<p>Asistieron m\u00e1s de 100 personas que, de la mano de los gestores de cambio, realizaron un recorrido interactivo por cada una de las \u00e1reas. Con actividades recreativas y de manera did\u00e1ctica, los servidores del SERCOP compartieron su experiencia laboral, creando un ambiente colaborativo y de camarader\u00eda.<\/p>\n<p>El trabajo en equipo y la creatividad de cada direcci\u00f3n se destac\u00f3 al momento de dar a conocer la instituci\u00f3n, su organizaci\u00f3n y sus funciones. Adem\u00e1s, se abri\u00f3 un espacio de di\u00e1logo y retroalimentaci\u00f3n donde todos pudieron exponer sus ideas y sugerencias para mejorar el clima laboral.<\/p>\n<p>La instituci\u00f3n se encuentra comprometida con este tipo de actividades que demostr\u00f3 que el buen clima laboral se construye con la participaci\u00f3n activa de todos, por lo que se seguir\u00e1n implementando, m\u00e1s acciones que promuevan el bienestar y satisfacci\u00f3n del equipo de trabajo.<\/p>\n<p style=\"text-align: right;\"><strong>Bolet\u00edn No. 29<\/strong><\/p>\n<p style=\"text-align: right;\"><strong>Quito, 10 de septiembre de 2024<\/strong><\/p>\n<hr \/>\n<p style=\"text-align: center;\"><strong>DIRECCI\u00d3N DE COMUNICACI\u00d3N\u00a0<\/strong><\/p>\n","protected":false},"excerpt":{"rendered":"<p class=\"excerpt\">Con la activa participaci\u00f3n de todos los servidores de la matriz del SERCOP en Quito, el pasado 29 de agosto de 2024, se llev\u00f3 a cabo la casa abierta \u201cUn viaje por la compra p\u00fablica\u201d. El objetivo de este evento fue fortalecer el sentido de pertenencia con la instituci\u00f3n y generar un ambiente de confianza y compromiso con todos los&hellip; <a href=\"https:\/\/portal.compraspublicas.gob.ec\/sercop\/yo-soy-sercop-un-viaje-por-la-compra-publica\/\">Read more &rarr;<\/a><\/p>\n","protected":false},"author":79,"featured_media":59520,"comment_status":"closed","ping_status":"closed","sticky":false,"template":"","format":"standard","meta":[],"categories":[132,115,16,106,10,1],"tags":[],"_links":{"self":[{"href":"https:\/\/portal.compraspublicas.gob.ec\/sercop\/wp-json\/wp\/v2\/posts\/59519"}],"collection":[{"href":"https:\/\/portal.compraspublicas.gob.ec\/sercop\/wp-json\/wp\/v2\/posts"}],"about":[{"href":"https:\/\/portal.compraspublicas.gob.ec\/sercop\/wp-json\/wp\/v2\/types\/post"}],"author":[{"embeddable":true,"href":"https:\/\/portal.compraspublicas.gob.ec\/sercop\/wp-json\/wp\/v2\/users\/79"}],"replies":[{"embeddable":true,"href":"https:\/\/portal.compraspublicas.gob.ec\/sercop\/wp-json\/wp\/v2\/comments?post=59519"}],"version-history":[{"count":4,"href":"https:\/\/portal.compraspublicas.gob.ec\/sercop\/wp-json\/wp\/v2\/posts\/59519\/revisions"}],"predecessor-version":[{"id":59534,"href":"https:\/\/portal.compraspublicas.gob.ec\/sercop\/wp-json\/wp\/v2\/posts\/59519\/revisions\/59534"}],"wp:featuredmedia":[{"embeddable":true,"href":"https:\/\/portal.compraspublicas.gob.ec\/sercop\/wp-json\/wp\/v2\/media\/59520"}],"wp:attachment":[{"href":"https:\/\/portal.compraspublicas.gob.ec\/sercop\/wp-json\/wp\/v2\/media?parent=59519"}],"wp:term":[{"taxonomy":"category","embeddable":true,"href":"https:\/\/portal.compraspublicas.gob.ec\/sercop\/wp-json\/wp\/v2\/categories?post=59519"},{"taxonomy":"post_tag","embeddable":true,"href":"https:\/\/portal.compraspublicas.gob.ec\/sercop\/wp-json\/wp\/v2\/tags?post=59519"}],"curies":[{"name":"wp","href":"https:\/\/api.w.org\/{rel}","templated":true}]}}