{"id":64265,"date":"2026-04-22T08:15:06","date_gmt":"2026-04-22T13:15:06","guid":{"rendered":"https:\/\/portal.compraspublicas.gob.ec\/sercop\/?p=64265"},"modified":"2026-04-22T08:15:06","modified_gmt":"2026-04-22T13:15:06","slug":"disculpas-publicas-2026","status":"publish","type":"post","link":"https:\/\/portal.compraspublicas.gob.ec\/sercop\/disculpas-publicas-2026\/","title":{"rendered":"Disculpas p\u00fablicas &#8211; 2026"},"content":{"rendered":"<p>En cumplimiento de la aceptaci\u00f3n parcial de la Acci\u00f3n de Protecci\u00f3n Nro. 17575-2026-00014, resuelta por la Unidad Judicial de Violencia contra la Mujer o Miembro del N\u00facleo Familiar, con sede en el cant\u00f3n Rumi\u00f1ahui, el Servicio Nacional de Contrataci\u00f3n P\u00fablica extiende disculpas p\u00fablicas al se\u00f1or Pedro Jos\u00e9 Cevallos Guerrero por la \u00abvulneraci\u00f3n de los derechos constitucionales al debido proceso, a la seguridad jur\u00eddica, a la tutela judicial efectiva y al derecho de petici\u00f3n\u00bb, declarada en primera instancia.<\/p>\n","protected":false},"excerpt":{"rendered":"<p class=\"excerpt\">En cumplimiento de la aceptaci\u00f3n parcial de la Acci\u00f3n de Protecci\u00f3n Nro. 17575-2026-00014, resuelta por la Unidad Judicial de Violencia contra la Mujer o Miembro del N\u00facleo Familiar, con sede en el cant\u00f3n Rumi\u00f1ahui, el Servicio Nacional de Contrataci\u00f3n P\u00fablica extiende disculpas p\u00fablicas al se\u00f1or Pedro Jos\u00e9 Cevallos Guerrero por la \u00abvulneraci\u00f3n de los derechos constitucionales al debido proceso, a&hellip; <a href=\"https:\/\/portal.compraspublicas.gob.ec\/sercop\/disculpas-publicas-2026\/\">Read more &rarr;<\/a><\/p>\n","protected":false},"author":90,"featured_media":0,"comment_status":"closed","ping_status":"closed","sticky":false,"template":"","format":"standard","meta":[],"categories":[1],"tags":[],"_links":{"self":[{"href":"https:\/\/portal.compraspublicas.gob.ec\/sercop\/wp-json\/wp\/v2\/posts\/64265"}],"collection":[{"href":"https:\/\/portal.compraspublicas.gob.ec\/sercop\/wp-json\/wp\/v2\/posts"}],"about":[{"href":"https:\/\/portal.compraspublicas.gob.ec\/sercop\/wp-json\/wp\/v2\/types\/post"}],"author":[{"embeddable":true,"href":"https:\/\/portal.compraspublicas.gob.ec\/sercop\/wp-json\/wp\/v2\/users\/90"}],"replies":[{"embeddable":true,"href":"https:\/\/portal.compraspublicas.gob.ec\/sercop\/wp-json\/wp\/v2\/comments?post=64265"}],"version-history":[{"count":1,"href":"https:\/\/portal.compraspublicas.gob.ec\/sercop\/wp-json\/wp\/v2\/posts\/64265\/revisions"}],"predecessor-version":[{"id":64266,"href":"https:\/\/portal.compraspublicas.gob.ec\/sercop\/wp-json\/wp\/v2\/posts\/64265\/revisions\/64266"}],"wp:attachment":[{"href":"https:\/\/portal.compraspublicas.gob.ec\/sercop\/wp-json\/wp\/v2\/media?parent=64265"}],"wp:term":[{"taxonomy":"category","embeddable":true,"href":"https:\/\/portal.compraspublicas.gob.ec\/sercop\/wp-json\/wp\/v2\/categories?post=64265"},{"taxonomy":"post_tag","embeddable":true,"href":"https:\/\/portal.compraspublicas.gob.ec\/sercop\/wp-json\/wp\/v2\/tags?post=64265"}],"curies":[{"name":"wp","href":"https:\/\/api.w.org\/{rel}","templated":true}]}}